{"id":2067,"date":"2025-11-10T10:35:11","date_gmt":"2025-11-10T09:35:11","guid":{"rendered":"https:\/\/www.talentq.es\/?p=2067"},"modified":"2025-11-10T10:35:11","modified_gmt":"2025-11-10T09:35:11","slug":"da-comienzo-la-viii-edicion-de-la-semana-de-la-ciencia-del-igfae","status":"publish","type":"post","link":"https:\/\/www.talentq.es\/en\/2025\/11\/10\/da-comienzo-la-viii-edicion-de-la-semana-de-la-ciencia-del-igfae\/","title":{"rendered":"\u00a1Da comienzo la VIII edici\u00f3n de la Semana de la Ciencia del IGFAE!"},"content":{"rendered":"<p>En 2025 se celebra el <strong>A\u00f1o Internacional de la Ciencia y la Tecnolog\u00eda Cu\u00e1nticas<\/strong>, coincidiendo con el centenario de la publicaci\u00f3n, en 1925, de algunos de los art\u00edculos que sentaron las bases de la mec\u00e1nica cu\u00e1ntica, con la consiguiente revoluci\u00f3n en nuestra comprensi\u00f3n del mundo natural. Para conmemorar este aniversario, la <strong><a href=\"https:\/\/igfae.usc.es\/igfae\/centenario-da-mecanica-cuantica-semana-da-ciencia\/\">Semana de la Ciencia del Instituto Gallego de F\u00edsica de Altas Energ\u00edas (IGFAE)<\/a><\/strong>, centro conjunto de la Universidad de Santiago de Compostela (USC) y la Xunta de Galicia, aborda esta disciplina, esencial para el desarrollo de la f\u00edsica moderna, desde una amplia variedad de perspectivas.<\/p>\n\n\n\n<p>\u00a1Te animamos a asistir a los m\u00faltiples eventos programados para la ocasi\u00f3n!<\/p>\n\n\n\n<p><strong>Martes 11 de novembro<\/strong><\/p>\n\n\n\n<ul class=\"wp-block-list\">\n<li>19:00: <strong>\u00abA baralla cu\u00e1ntica, percepci\u00f3n, informaci\u00f3n, realidade\u00bb<\/strong>:\u00a0<a href=\"https:\/\/igfae.usc.es\/igfae\/seminar\/2161\" target=\"_blank\" rel=\"noreferrer noopener\">https:\/\/igfae.usc.es\/igfae\/seminar\/2161<\/a><\/li>\n\n\n\n<li>20:00: <strong>\u00abA segunda revoluci\u00f3n cu\u00e1ntica: o cami\u00f1o dende a ciencia \u00e1 enxe\u00f1ar\u00eda\u00bb<\/strong>. Conferencia de Ant\u00eda Lamas Li\u00f1ares:\u00a0<a href=\"https:\/\/igfae.usc.es\/igfae\/conferencia-antia-lamas\/\" target=\"_blank\" rel=\"noreferrer noopener\">https:\/\/igfae.usc.es\/igfae\/conferencia-antia-lamas\/<\/a><\/li>\n<\/ul>\n\n\n\n<p><strong>M\u00e9rcores 12 de novembro<\/strong><\/p>\n\n\n\n<ul class=\"wp-block-list\">\n<li>13:00: <strong>\u00abLa revoluci\u00f3n incompleta: 100 a\u00f1os de f\u00edsica cu\u00e1ntica\u00bb<\/strong>. Conferencia de Ad\u00e1n Cabello:\u00a0<a href=\"https:\/\/igfae.usc.es\/igfae\/seminar\/2159\" target=\"_blank\" rel=\"noreferrer noopener\">https:\/\/igfae.usc.es\/igfae\/seminar\/2159<\/a><\/li>\n\n\n\n<li>20:00: <strong>Concerto de Sumrr\u00e1<\/strong>:\u00a0<a href=\"https:\/\/igfae.usc.es\/igfae\/sumrra-concerto\/\" target=\"_blank\" rel=\"noreferrer noopener\">https:\/\/igfae.usc.es\/igfae\/sumrra-concerto\/<\/a><\/li>\n<\/ul>","protected":false},"excerpt":{"rendered":"<p>En 2025 se celebra el A\u00f1o Internacional de la Ciencia y la Tecnolog\u00eda Cu\u00e1nticas, coincidiendo con el centenario de la publicaci\u00f3n, en 1925, de algunos de los art\u00edculos que sentaron [&hellip;]<\/p>\n","protected":false},"author":3,"featured_media":2068,"comment_status":"closed","ping_status":"open","sticky":false,"template":"","format":"standard","meta":{"saved_in_kubio":false,"footnotes":""},"categories":[1],"tags":[],"class_list":["post-2067","post","type-post","status-publish","format-standard","has-post-thumbnail","hentry","category-sin-categoria"],"yoast_head":"<!-- This site is optimized with the Yoast SEO plugin v27.5 - https:\/\/yoast.com\/product\/yoast-seo-wordpress\/ -->\n<title>\u00a1Da comienzo la VIII edici\u00f3n de la Semana de la Ciencia del IGFAE! |<\/title>\n<meta name=\"description\" content=\"S\u00e9 parte del futuro de la computaci\u00f3n cu\u00e1ntica en Espa\u00f1a\" \/>\n<meta name=\"robots\" content=\"index, follow, max-snippet:-1, max-image-preview:large, max-video-preview:-1\" \/>\n<link rel=\"canonical\" href=\"https:\/\/www.talentq.es\/en\/2025\/11\/10\/da-comienzo-la-viii-edicion-de-la-semana-de-la-ciencia-del-igfae\/\" \/>\n<meta property=\"og:locale\" content=\"en_US\" \/>\n<meta property=\"og:type\" content=\"article\" \/>\n<meta property=\"og:title\" content=\"\u00a1Da comienzo la VIII edici\u00f3n de la Semana de la Ciencia del IGFAE! |\" \/>\n<meta property=\"og:description\" content=\"S\u00e9 parte del futuro de la computaci\u00f3n cu\u00e1ntica en Espa\u00f1a\" \/>\n<meta property=\"og:url\" content=\"https:\/\/www.talentq.es\/en\/2025\/11\/10\/da-comienzo-la-viii-edicion-de-la-semana-de-la-ciencia-del-igfae\/\" \/>\n<meta property=\"article:published_time\" content=\"2025-11-10T09:35:11+00:00\" \/>\n<meta property=\"og:image\" content=\"https:\/\/www.talentq.es\/wp-content\/uploads\/2025\/11\/Semana-da-Ciencia-IGFAE-2025_web.webp\" \/>\n\t<meta property=\"og:image:width\" content=\"1244\" \/>\n\t<meta property=\"og:image:height\" content=\"700\" \/>\n\t<meta property=\"og:image:type\" content=\"image\/webp\" \/>\n<meta name=\"author\" content=\"Alberto Insua\" \/>\n<meta name=\"twitter:card\" content=\"summary_large_image\" \/>\n<meta name=\"twitter:creator\" content=\"@QuantumSpain_ES\" \/>\n<meta name=\"twitter:site\" content=\"@QuantumSpain_ES\" \/>\n<meta name=\"twitter:label1\" content=\"Written by\" \/>\n\t<meta name=\"twitter:data1\" content=\"Alberto Insua\" \/>\n\t<meta name=\"twitter:label2\" content=\"Est. reading time\" \/>\n\t<meta name=\"twitter:data2\" content=\"1 minute\" \/>\n<!-- \/ Yoast SEO plugin. -->","yoast_head_json":{"title":"\u00a1Da comienzo la VIII edici\u00f3n de la Semana de la Ciencia del IGFAE! |","description":"Be part of the future of quantum computing in Spain","robots":{"index":"index","follow":"follow","max-snippet":"max-snippet:-1","max-image-preview":"max-image-preview:large","max-video-preview":"max-video-preview:-1"},"canonical":"https:\/\/www.talentq.es\/en\/2025\/11\/10\/da-comienzo-la-viii-edicion-de-la-semana-de-la-ciencia-del-igfae\/","og_locale":"en_US","og_type":"article","og_title":"\u00a1Da comienzo la VIII edici\u00f3n de la Semana de la Ciencia del IGFAE! |","og_description":"S\u00e9 parte del futuro de la computaci\u00f3n cu\u00e1ntica en Espa\u00f1a","og_url":"https:\/\/www.talentq.es\/en\/2025\/11\/10\/da-comienzo-la-viii-edicion-de-la-semana-de-la-ciencia-del-igfae\/","article_published_time":"2025-11-10T09:35:11+00:00","og_image":[{"width":1244,"height":700,"url":"https:\/\/www.talentq.es\/wp-content\/uploads\/2025\/11\/Semana-da-Ciencia-IGFAE-2025_web.webp","type":"image\/webp"}],"author":"Alberto Insua","twitter_card":"summary_large_image","twitter_creator":"@QuantumSpain_ES","twitter_site":"@QuantumSpain_ES","twitter_misc":{"Written by":"Alberto Insua","Est. reading time":"1 minute"},"schema":{"@context":"https:\/\/schema.org","@graph":[{"@type":"Article","@id":"https:\/\/www.talentq.es\/2025\/11\/10\/da-comienzo-la-viii-edicion-de-la-semana-de-la-ciencia-del-igfae\/#article","isPartOf":{"@id":"https:\/\/www.talentq.es\/2025\/11\/10\/da-comienzo-la-viii-edicion-de-la-semana-de-la-ciencia-del-igfae\/"},"author":{"name":"Alberto Insua","@id":"https:\/\/www.talentq.es\/#\/schema\/person\/01e170e981b42839d933adbfa1696357"},"headline":"\u00a1Da comienzo la VIII edici\u00f3n de la Semana de la Ciencia del IGFAE!","datePublished":"2025-11-10T09:35:11+00:00","mainEntityOfPage":{"@id":"https:\/\/www.talentq.es\/2025\/11\/10\/da-comienzo-la-viii-edicion-de-la-semana-de-la-ciencia-del-igfae\/"},"wordCount":215,"publisher":{"@id":"https:\/\/www.talentq.es\/#organization"},"image":{"@id":"https:\/\/www.talentq.es\/2025\/11\/10\/da-comienzo-la-viii-edicion-de-la-semana-de-la-ciencia-del-igfae\/#primaryimage"},"thumbnailUrl":"https:\/\/www.talentq.es\/wp-content\/uploads\/2025\/11\/Semana-da-Ciencia-IGFAE-2025_web.webp","articleSection":["Sin categor\u00eda"],"inLanguage":"en-US"},{"@type":"WebPage","@id":"https:\/\/www.talentq.es\/2025\/11\/10\/da-comienzo-la-viii-edicion-de-la-semana-de-la-ciencia-del-igfae\/","url":"https:\/\/www.talentq.es\/2025\/11\/10\/da-comienzo-la-viii-edicion-de-la-semana-de-la-ciencia-del-igfae\/","name":"\u00a1Da comienzo la VIII edici\u00f3n de la Semana de la Ciencia del IGFAE! |","isPartOf":{"@id":"https:\/\/www.talentq.es\/#website"},"primaryImageOfPage":{"@id":"https:\/\/www.talentq.es\/2025\/11\/10\/da-comienzo-la-viii-edicion-de-la-semana-de-la-ciencia-del-igfae\/#primaryimage"},"image":{"@id":"https:\/\/www.talentq.es\/2025\/11\/10\/da-comienzo-la-viii-edicion-de-la-semana-de-la-ciencia-del-igfae\/#primaryimage"},"thumbnailUrl":"https:\/\/www.talentq.es\/wp-content\/uploads\/2025\/11\/Semana-da-Ciencia-IGFAE-2025_web.webp","datePublished":"2025-11-10T09:35:11+00:00","description":"Be part of the future of quantum computing in Spain","breadcrumb":{"@id":"https:\/\/www.talentq.es\/2025\/11\/10\/da-comienzo-la-viii-edicion-de-la-semana-de-la-ciencia-del-igfae\/#breadcrumb"},"inLanguage":"en-US","potentialAction":[{"@type":"ReadAction","target":["https:\/\/www.talentq.es\/2025\/11\/10\/da-comienzo-la-viii-edicion-de-la-semana-de-la-ciencia-del-igfae\/"]}]},{"@type":"ImageObject","inLanguage":"en-US","@id":"https:\/\/www.talentq.es\/2025\/11\/10\/da-comienzo-la-viii-edicion-de-la-semana-de-la-ciencia-del-igfae\/#primaryimage","url":"https:\/\/www.talentq.es\/wp-content\/uploads\/2025\/11\/Semana-da-Ciencia-IGFAE-2025_web.webp","contentUrl":"https:\/\/www.talentq.es\/wp-content\/uploads\/2025\/11\/Semana-da-Ciencia-IGFAE-2025_web.webp","width":1244,"height":700},{"@type":"BreadcrumbList","@id":"https:\/\/www.talentq.es\/2025\/11\/10\/da-comienzo-la-viii-edicion-de-la-semana-de-la-ciencia-del-igfae\/#breadcrumb","itemListElement":[{"@type":"ListItem","position":1,"name":"Portada","item":"https:\/\/www.talentq.es\/"},{"@type":"ListItem","position":2,"name":"\u00a1Da comienzo la VIII edici\u00f3n de la Semana de la Ciencia del IGFAE!"}]},{"@type":"WebSite","@id":"https:\/\/www.talentq.es\/#website","url":"https:\/\/www.talentq.es\/","name":"TalentQ","description":"Be part of the future of quantum computing in Spain","publisher":{"@id":"https:\/\/www.talentq.es\/#organization"},"alternateName":"TQ","potentialAction":[{"@type":"SearchAction","target":{"@type":"EntryPoint","urlTemplate":"https:\/\/www.talentq.es\/?s={search_term_string}"},"query-input":{"@type":"PropertyValueSpecification","valueRequired":true,"valueName":"search_term_string"}}],"inLanguage":"en-US"},{"@type":"Organization","@id":"https:\/\/www.talentq.es\/#organization","name":"TalentQ","url":"https:\/\/www.talentq.es\/","logo":{"@type":"ImageObject","inLanguage":"en-US","@id":"https:\/\/www.talentq.es\/#\/schema\/logo\/image\/","url":"https:\/\/www.talentq.es\/wp-content\/uploads\/2024\/06\/QuantumSpain_logo_color_2.png","contentUrl":"https:\/\/www.talentq.es\/wp-content\/uploads\/2024\/06\/QuantumSpain_logo_color_2.png","width":365,"height":72,"caption":"TalentQ"},"image":{"@id":"https:\/\/www.talentq.es\/#\/schema\/logo\/image\/"},"sameAs":["https:\/\/x.com\/QuantumSpain_ES","https:\/\/www.linkedin.com\/company\/quantum-spain-project\/","https:\/\/www.youtube.com\/@Quantum_Spain_Project"]},{"@type":"Person","@id":"https:\/\/www.talentq.es\/#\/schema\/person\/01e170e981b42839d933adbfa1696357","name":"Alberto Insua","image":{"@type":"ImageObject","inLanguage":"en-US","@id":"https:\/\/secure.gravatar.com\/avatar\/ad10bffc9e42ad7e5a4bff280a32b966a234eb6e733ac939280cdf725df62ed6?s=96&d=mm&r=g","url":"https:\/\/secure.gravatar.com\/avatar\/ad10bffc9e42ad7e5a4bff280a32b966a234eb6e733ac939280cdf725df62ed6?s=96&d=mm&r=g","contentUrl":"https:\/\/secure.gravatar.com\/avatar\/ad10bffc9e42ad7e5a4bff280a32b966a234eb6e733ac939280cdf725df62ed6?s=96&d=mm&r=g","caption":"Alberto Insua"},"url":"https:\/\/www.talentq.es\/en\/author\/alberto\/"}]}},"_links":{"self":[{"href":"https:\/\/www.talentq.es\/en\/wp-json\/wp\/v2\/posts\/2067","targetHints":{"allow":["GET"]}}],"collection":[{"href":"https:\/\/www.talentq.es\/en\/wp-json\/wp\/v2\/posts"}],"about":[{"href":"https:\/\/www.talentq.es\/en\/wp-json\/wp\/v2\/types\/post"}],"author":[{"embeddable":true,"href":"https:\/\/www.talentq.es\/en\/wp-json\/wp\/v2\/users\/3"}],"replies":[{"embeddable":true,"href":"https:\/\/www.talentq.es\/en\/wp-json\/wp\/v2\/comments?post=2067"}],"version-history":[{"count":1,"href":"https:\/\/www.talentq.es\/en\/wp-json\/wp\/v2\/posts\/2067\/revisions"}],"predecessor-version":[{"id":2069,"href":"https:\/\/www.talentq.es\/en\/wp-json\/wp\/v2\/posts\/2067\/revisions\/2069"}],"wp:featuredmedia":[{"embeddable":true,"href":"https:\/\/www.talentq.es\/en\/wp-json\/wp\/v2\/media\/2068"}],"wp:attachment":[{"href":"https:\/\/www.talentq.es\/en\/wp-json\/wp\/v2\/media?parent=2067"}],"wp:term":[{"taxonomy":"category","embeddable":true,"href":"https:\/\/www.talentq.es\/en\/wp-json\/wp\/v2\/categories?post=2067"},{"taxonomy":"post_tag","embeddable":true,"href":"https:\/\/www.talentq.es\/en\/wp-json\/wp\/v2\/tags?post=2067"}],"curies":[{"name":"wp","href":"https:\/\/api.w.org\/{rel}","templated":true}]}}